{"id":7194,"date":"2024-10-24T15:18:01","date_gmt":"2024-10-24T13:18:01","guid":{"rendered":"https:\/\/levillagebalinais.com\/?p=7194"},"modified":"2024-10-24T15:18:01","modified_gmt":"2024-10-24T13:18:01","slug":"seances-de-massage-en-duo-a-paris-reservez-vos-places","status":"publish","type":"post","link":"https:\/\/levillagebalinais.com\/index.php\/2024\/10\/24\/seances-de-massage-en-duo-a-paris-reservez-vos-places\/","title":{"rendered":"S\u00e9ances de massage  en duo \u00e0 Paris: R\u00e9servez vos places!"},"content":{"rendered":"<h3><a> Un voyage sensoriel dans le corps et l&rsquo;esprit \u00e0 partager \u00e0 deux!<\/a><\/h3>\n<p>Offrez une <a href=\"https:\/\/levillagebalinais.com\/index.php\/studio-massage\/massages\/\"><em>s\u00e9ance de massages balinais en couple<\/em><strong><\/a> adapt\u00e9e sur mesure \u00e0 vos besoins r\u00e9alis\u00e9e par notre duo d&rsquo;expertes massoth\u00e9rapeutes avec Perrine et Ruth au Village Balinais \u00e0 Paris!<\/p>\n<p><a href=\"https:\/\/levillagebalinais.com\/index.php\/studio-massage\/presentation\/\">Le studio <\/a> est privatis\u00e9 durant votre s\u00e9ance. <\/p>\n<p>Durant le temps Jamu apr\u00e8s la s\u00e9ance d\u00e9gustez une infusion faite maison aux racines et plantes indon\u00e9siennes pr\u00e9par\u00e9e par <a href=\"https:\/\/levillagebalinais.com\/index.php\/ruth-indiati\/congres\/\">Ruth Indiathi<\/a>.<\/p>\n<p>Nous r\u00e9alisons les s\u00e9ances avec des huiles bio naturelle, spa fran\u00e7aise ou nos huiles exclusives d&rsquo;aromath\u00e9rapie balinaise chauffante, d\u00e9contracturante, respiratoire.<\/p>\n<h3><em><a href=\"https:\/\/levillagebalinais.com\/index.php\/studio-massage\/massages\/\">Nos prochaines dates DUO BALINAIS :<\/a><\/em><\/h3>\n<li>\n<h3><em> Samedi 9 Novembre 2024<\/em><\/h3>\n<\/li>\n<p><strong><em>Nos Horaires : 10h \u00e0 20h<\/em><\/strong><br \/>\n<em>Optez  pour une s\u00e9ance en duo de 1h, 1H30 ou 2 heures<\/em><\/p>\n<p>Pour <a href=\"https:\/\/levillagebalinais.com\/index.php\/contact-2\/\">r\u00e9server votre s\u00e9ance en duo  :<\/a><br \/>\nT\u00e9l\u00e9pone : 06 50 20 62 33 <\/p>\n","protected":false},"excerpt":{"rendered":"<p>Un voyage sensoriel dans le corps et l&rsquo;esprit \u00e0 partager \u00e0 deux! Offrez une s\u00e9ance de massages balinais en couple adapt\u00e9e sur mesure \u00e0 vos besoins r\u00e9alis\u00e9e par notre duo d&rsquo;expertes massoth\u00e9rapeutes avec Perrine et Ruth au Village Balinais \u00e0 [&hellip;]<\/p>\n","protected":false},"author":1,"featured_media":6989,"comment_status":"open","ping_status":"open","sticky":false,"template":"","format":"standard","meta":{"_monsterinsights_skip_tracking":false,"_monsterinsights_sitenote_active":false,"_monsterinsights_sitenote_note":"","_monsterinsights_sitenote_category":0,"footnotes":""},"categories":[1],"tags":[45,39,38,44],"class_list":["post-7194","post","type-post","status-publish","format-standard","has-post-thumbnail","hentry","category-non-classe","tag-massage-balinais-en-couple","tag-massage-couple","tag-massage-duo","tag-paris"],"_links":{"self":[{"href":"https:\/\/levillagebalinais.com\/index.php\/wp-json\/wp\/v2\/posts\/7194","targetHints":{"allow":["GET"]}}],"collection":[{"href":"https:\/\/levillagebalinais.com\/index.php\/wp-json\/wp\/v2\/posts"}],"about":[{"href":"https:\/\/levillagebalinais.com\/index.php\/wp-json\/wp\/v2\/types\/post"}],"author":[{"embeddable":true,"href":"https:\/\/levillagebalinais.com\/index.php\/wp-json\/wp\/v2\/users\/1"}],"replies":[{"embeddable":true,"href":"https:\/\/levillagebalinais.com\/index.php\/wp-json\/wp\/v2\/comments?post=7194"}],"version-history":[{"count":1,"href":"https:\/\/levillagebalinais.com\/index.php\/wp-json\/wp\/v2\/posts\/7194\/revisions"}],"predecessor-version":[{"id":7195,"href":"https:\/\/levillagebalinais.com\/index.php\/wp-json\/wp\/v2\/posts\/7194\/revisions\/7195"}],"wp:featuredmedia":[{"embeddable":true,"href":"https:\/\/levillagebalinais.com\/index.php\/wp-json\/wp\/v2\/media\/6989"}],"wp:attachment":[{"href":"https:\/\/levillagebalinais.com\/index.php\/wp-json\/wp\/v2\/media?parent=7194"}],"wp:term":[{"taxonomy":"category","embeddable":true,"href":"https:\/\/levillagebalinais.com\/index.php\/wp-json\/wp\/v2\/categories?post=7194"},{"taxonomy":"post_tag","embeddable":true,"href":"https:\/\/levillagebalinais.com\/index.php\/wp-json\/wp\/v2\/tags?post=7194"}],"curies":[{"name":"wp","href":"https:\/\/api.w.org\/{rel}","templated":true}]}}