{"id":7114,"date":"2024-04-01T13:03:56","date_gmt":"2024-04-01T11:03:56","guid":{"rendered":"https:\/\/levillagebalinais.com\/?p=7114"},"modified":"2024-04-01T13:10:33","modified_gmt":"2024-04-01T11:10:33","slug":"demonstration-par-ruth-indiathi-du-massage-balinais-aux-tissus-congres-international-des-nouvelles-esthetiques-2024","status":"publish","type":"post","link":"https:\/\/levillagebalinais.com\/index.php\/2024\/04\/01\/demonstration-par-ruth-indiathi-du-massage-balinais-aux-tissus-congres-international-des-nouvelles-esthetiques-2024\/","title":{"rendered":"DEMONSTRATION  par Ruth Indiathi du MASSAGE BALINAIS AUX TISSUS\/Congr\u00e8s International des Nouvelles Esth\u00e9tiques 2024"},"content":{"rendered":"<p>Nouveaut\u00e9!<\/p>\n<p>D\u00e9monstration massage balinais aux tissus Dimanche 14 Avril \u00e0 16h au <a href=\"https:\/\/www.congres-esthetique-spa.com\/conference\/bercements-magiques-lart-indonesien-du-massage-avec-les-sarongs-pour-une-liberation-totale\/\">Congr\u00e8s International des Nouvelles Esth\u00e9tiques&#038;Spa<\/a>, porte de Versailles, Paris par Ruth Indiathi Village Balinais!<\/p>\n<p>30 mn de spectacle pour voyage dans univers sensoriel du Village Balinais, l&rsquo;enseignement de Ruth Indiathi, la p\u00e9dagogie du Village Balinais \u00e0 Paris, en immersion \u00e0 Bali!<\/p>\n<p>\u00e0 16h!<\/p>\n","protected":false},"excerpt":{"rendered":"<p>Nouveaut\u00e9! D\u00e9monstration massage balinais aux tissus Dimanche 14 Avril \u00e0 16h au Congr\u00e8s International des Nouvelles Esth\u00e9tiques&#038;Spa, porte de Versailles, Paris par Ruth Indiathi Village Balinais! 30 mn de spectacle pour voyage dans univers sensoriel du Village Balinais, l&rsquo;enseignement de [&hellip;]<\/p>\n","protected":false},"author":1,"featured_media":7116,"comment_status":"open","ping_status":"open","sticky":false,"template":"","format":"standard","meta":{"_monsterinsights_skip_tracking":false,"_monsterinsights_sitenote_active":false,"_monsterinsights_sitenote_note":"","_monsterinsights_sitenote_category":0,"footnotes":""},"categories":[1],"tags":[],"class_list":["post-7114","post","type-post","status-publish","format-standard","has-post-thumbnail","hentry","category-non-classe"],"_links":{"self":[{"href":"https:\/\/levillagebalinais.com\/index.php\/wp-json\/wp\/v2\/posts\/7114","targetHints":{"allow":["GET"]}}],"collection":[{"href":"https:\/\/levillagebalinais.com\/index.php\/wp-json\/wp\/v2\/posts"}],"about":[{"href":"https:\/\/levillagebalinais.com\/index.php\/wp-json\/wp\/v2\/types\/post"}],"author":[{"embeddable":true,"href":"https:\/\/levillagebalinais.com\/index.php\/wp-json\/wp\/v2\/users\/1"}],"replies":[{"embeddable":true,"href":"https:\/\/levillagebalinais.com\/index.php\/wp-json\/wp\/v2\/comments?post=7114"}],"version-history":[{"count":3,"href":"https:\/\/levillagebalinais.com\/index.php\/wp-json\/wp\/v2\/posts\/7114\/revisions"}],"predecessor-version":[{"id":7119,"href":"https:\/\/levillagebalinais.com\/index.php\/wp-json\/wp\/v2\/posts\/7114\/revisions\/7119"}],"wp:featuredmedia":[{"embeddable":true,"href":"https:\/\/levillagebalinais.com\/index.php\/wp-json\/wp\/v2\/media\/7116"}],"wp:attachment":[{"href":"https:\/\/levillagebalinais.com\/index.php\/wp-json\/wp\/v2\/media?parent=7114"}],"wp:term":[{"taxonomy":"category","embeddable":true,"href":"https:\/\/levillagebalinais.com\/index.php\/wp-json\/wp\/v2\/categories?post=7114"},{"taxonomy":"post_tag","embeddable":true,"href":"https:\/\/levillagebalinais.com\/index.php\/wp-json\/wp\/v2\/tags?post=7114"}],"curies":[{"name":"wp","href":"https:\/\/api.w.org\/{rel}","templated":true}]}}