{"id":6561,"date":"2023-04-16T17:45:12","date_gmt":"2023-04-16T15:45:12","guid":{"rendered":"https:\/\/levillagebalinais.com\/?p=6561"},"modified":"2023-04-16T17:48:43","modified_gmt":"2023-04-16T15:48:43","slug":"jai-teste-les-spas-de-bali-et-java-avril-2023","status":"publish","type":"post","link":"https:\/\/levillagebalinais.com\/index.php\/2023\/04\/16\/jai-teste-les-spas-de-bali-et-java-avril-2023\/","title":{"rendered":"j&rsquo;ai test\u00e9 les spas de Bali et Java Avril 2023"},"content":{"rendered":"<p><em><strong><a href=\"https:\/\/levillagebalinais.com\/index.php\/blog\/presse\/\">j&rsquo;ai test\u00e9 les spas de Bali et Java <\/a> <\/strong><\/em><br \/>\n<em>Article paru dans spas de beaut\u00e9, Avril 2023.<br \/>\nAutrice : Ruth Indiathi<\/em><\/p>\n<p><a href=\"https:\/\/levillagebalinais.com\/index.php\/ruth-indiati\/biographie\/\">Ruth Indiathi <\/a>\u00e9value <a href=\"https:\/\/levillagebalinais.com\/index.php\/spas-et-retraites-de-bali\/\">les spas de Bali et Java<\/a>, elle teste <a href=\"https:\/\/levillagebalinais.com\/index.php\/studio-massage\/massages\/\">les massages balinais Pijat Bali <\/a>et javanais en immersion en Indon\u00e9sie depuis 20 ans. Elle rend compte des tendances et des  bonnes pratiques. Elle \u00e9change avec ses coll\u00e8gues esth\u00e9ticiennes et th\u00e9rapeutes d&rsquo;Indon\u00e9sie et rend compte des secr\u00eats qui les animent pour accentuer les effets de lacher prise, de d\u00e9tente profonde afin de booster l&rsquo;activit\u00e9 sensirielle, d&rsquo;accentuer la mobilit\u00e9 corporelle, et de contribuer au d\u00e9veloppement d&rsquo;une esth\u00e9tique  \u00e9panouissance qui am\u00e9liore les qualit\u00e9s humaines, la sensualit\u00e9 du rapport au corps et au monde et la qualit\u00e9 des liens  humains.<\/p>\n<p>Pour les amoureux des massages balinais Pijat Bali, vous pouvez b\u00e9n\u00e9ficier<a href=\"https:\/\/levillagebalinais.com\/index.php\/studio-massage\/massages\/\"> de s\u00e9ances de massages balinais exclusives<\/a> r\u00e9alis\u00e9es \u00e0 Paris par Ruth Indiathi au studio du  Village Balinais , <a href=\"https:\/\/levillagebalinais.com\/index.php\/ecole-massage\/presentation\/\">participer \u00e0 des formations professionnelles<\/a> au Village Balinais \u00e0 Paris ou en <a href=\"https:\/\/levillagebalinais.com\/index.php\/2023\/04\/01\/formation-massages-balinais-en-immersion-a-bali-ete-2023-dernieres-places-avant-cloture-des-inscriptions\/\">immersion \u00e0 Bali<\/a>.<\/p>\n","protected":false},"excerpt":{"rendered":"<p>j&rsquo;ai test\u00e9 les spas de Bali et Java Article paru dans spas de beaut\u00e9, Avril 2023. Autrice : Ruth Indiathi Ruth Indiathi \u00e9value les spas de Bali et Java, elle teste les massages balinais Pijat Bali et javanais en immersion [&hellip;]<\/p>\n","protected":false},"author":1,"featured_media":6488,"comment_status":"open","ping_status":"open","sticky":false,"template":"","format":"standard","meta":{"_monsterinsights_skip_tracking":false,"_monsterinsights_sitenote_active":false,"_monsterinsights_sitenote_note":"","_monsterinsights_sitenote_category":0,"footnotes":""},"categories":[1],"tags":[],"class_list":["post-6561","post","type-post","status-publish","format-standard","has-post-thumbnail","hentry","category-non-classe"],"_links":{"self":[{"href":"https:\/\/levillagebalinais.com\/index.php\/wp-json\/wp\/v2\/posts\/6561","targetHints":{"allow":["GET"]}}],"collection":[{"href":"https:\/\/levillagebalinais.com\/index.php\/wp-json\/wp\/v2\/posts"}],"about":[{"href":"https:\/\/levillagebalinais.com\/index.php\/wp-json\/wp\/v2\/types\/post"}],"author":[{"embeddable":true,"href":"https:\/\/levillagebalinais.com\/index.php\/wp-json\/wp\/v2\/users\/1"}],"replies":[{"embeddable":true,"href":"https:\/\/levillagebalinais.com\/index.php\/wp-json\/wp\/v2\/comments?post=6561"}],"version-history":[{"count":2,"href":"https:\/\/levillagebalinais.com\/index.php\/wp-json\/wp\/v2\/posts\/6561\/revisions"}],"predecessor-version":[{"id":6564,"href":"https:\/\/levillagebalinais.com\/index.php\/wp-json\/wp\/v2\/posts\/6561\/revisions\/6564"}],"wp:featuredmedia":[{"embeddable":true,"href":"https:\/\/levillagebalinais.com\/index.php\/wp-json\/wp\/v2\/media\/6488"}],"wp:attachment":[{"href":"https:\/\/levillagebalinais.com\/index.php\/wp-json\/wp\/v2\/media?parent=6561"}],"wp:term":[{"taxonomy":"category","embeddable":true,"href":"https:\/\/levillagebalinais.com\/index.php\/wp-json\/wp\/v2\/categories?post=6561"},{"taxonomy":"post_tag","embeddable":true,"href":"https:\/\/levillagebalinais.com\/index.php\/wp-json\/wp\/v2\/tags?post=6561"}],"curies":[{"name":"wp","href":"https:\/\/api.w.org\/{rel}","templated":true}]}}