{"id":5990,"date":"2022-03-22T18:21:06","date_gmt":"2022-03-22T17:21:06","guid":{"rendered":"https:\/\/levillagebalinais.com\/?p=5990"},"modified":"2022-03-22T18:45:38","modified_gmt":"2022-03-22T17:45:38","slug":"demonstration-reflexologie-plantaire-balinais-au-congres-des-nouvelles-esthetiques-15-mai-2022","status":"publish","type":"post","link":"https:\/\/levillagebalinais.com\/index.php\/2022\/03\/22\/demonstration-reflexologie-plantaire-balinais-au-congres-des-nouvelles-esthetiques-15-mai-2022\/","title":{"rendered":"DEMONSTRATION REFLEXOLOGIE PLANTAIRE BALINAIS AU CONGRES DES NOUVELLES ESTHETIQUES 15 MAI 2022"},"content":{"rendered":"<p>\ud83d\udd25Congr\u00e8s International Esth\u00e9tique &#038; Spa &#8211; 14,15 &#038; 16 mai 2022\ud83d\udd25<br \/>\n[D\u00c9MONSTRATION ESTH\u00c9TIQUE]<\/p>\n<p>\ud83d\udde3 \t<\/p>\n<li><a href=\"https:\/\/www.congres-esthetique-spa.com\/expert\/ruth-indiathi\/\">Ruth Indiathi <\/a><\/li>\n<p>\ud83d\udcc6 Dimanche 15 mai 2022<br \/>\n<a href=\"https:\/\/www.congres-esthetique-spa.com\/conference\/la-reflexologie-plantaire-balinaise-pour-garder-les-pieds-sur-terre\/\">\ud83d\udccdLa R\u00e9flexologie Plantaire Balinaise pour garder les pieds sur terre !<\/a><\/p>\n<p>Tr\u00e8s agr\u00e9able et puissante, l\u2019approche indon\u00e9sienne de la r\u00e9flexologie plantaire passe au scanner de la palpation les points de tensions qu\u2019elle traque inlassablement. Lieu d\u2019accumulation de celles-ci, base de notre encrage, de notre confiance, la vo\u00fbte plantaire est trait\u00e9e tranquillement dans les moindres d\u00e9tails, les jambes sont drain\u00e9es en profondeur. Les man\u0153uvres puissantes sont r\u00e9alis\u00e9es avec pr\u00e9cision et sont mod\u00e9r\u00e9es par leur fluidit\u00e9 gr\u00e2ce \u00e0 l\u2019application de cr\u00e8mes chauffantes.<\/p>\n<p>Rendez-vous le 15 mai pour tout d\u00e9couvrir sur cette conf\u00e9rence<\/p>\n","protected":false},"excerpt":{"rendered":"<p>\ud83d\udd25Congr\u00e8s International Esth\u00e9tique &#038; Spa &#8211; 14,15 &#038; 16 mai 2022\ud83d\udd25 [D\u00c9MONSTRATION ESTH\u00c9TIQUE] \ud83d\udde3 Ruth Indiathi \ud83d\udcc6 Dimanche 15 mai 2022 \ud83d\udccdLa R\u00e9flexologie Plantaire Balinaise pour garder les pieds sur terre ! Tr\u00e8s agr\u00e9able et puissante, l\u2019approche indon\u00e9sienne de la [&hellip;]<\/p>\n","protected":false},"author":1,"featured_media":5996,"comment_status":"open","ping_status":"open","sticky":false,"template":"","format":"standard","meta":{"_monsterinsights_skip_tracking":false,"_monsterinsights_sitenote_active":false,"_monsterinsights_sitenote_note":"","_monsterinsights_sitenote_category":0,"footnotes":""},"categories":[1],"tags":[],"class_list":["post-5990","post","type-post","status-publish","format-standard","has-post-thumbnail","hentry","category-non-classe"],"_links":{"self":[{"href":"https:\/\/levillagebalinais.com\/index.php\/wp-json\/wp\/v2\/posts\/5990","targetHints":{"allow":["GET"]}}],"collection":[{"href":"https:\/\/levillagebalinais.com\/index.php\/wp-json\/wp\/v2\/posts"}],"about":[{"href":"https:\/\/levillagebalinais.com\/index.php\/wp-json\/wp\/v2\/types\/post"}],"author":[{"embeddable":true,"href":"https:\/\/levillagebalinais.com\/index.php\/wp-json\/wp\/v2\/users\/1"}],"replies":[{"embeddable":true,"href":"https:\/\/levillagebalinais.com\/index.php\/wp-json\/wp\/v2\/comments?post=5990"}],"version-history":[{"count":3,"href":"https:\/\/levillagebalinais.com\/index.php\/wp-json\/wp\/v2\/posts\/5990\/revisions"}],"predecessor-version":[{"id":5999,"href":"https:\/\/levillagebalinais.com\/index.php\/wp-json\/wp\/v2\/posts\/5990\/revisions\/5999"}],"wp:featuredmedia":[{"embeddable":true,"href":"https:\/\/levillagebalinais.com\/index.php\/wp-json\/wp\/v2\/media\/5996"}],"wp:attachment":[{"href":"https:\/\/levillagebalinais.com\/index.php\/wp-json\/wp\/v2\/media?parent=5990"}],"wp:term":[{"taxonomy":"category","embeddable":true,"href":"https:\/\/levillagebalinais.com\/index.php\/wp-json\/wp\/v2\/categories?post=5990"},{"taxonomy":"post_tag","embeddable":true,"href":"https:\/\/levillagebalinais.com\/index.php\/wp-json\/wp\/v2\/tags?post=5990"}],"curies":[{"name":"wp","href":"https:\/\/api.w.org\/{rel}","templated":true}]}}