{"id":5905,"date":"2022-01-17T00:54:07","date_gmt":"2022-01-16T23:54:07","guid":{"rendered":"https:\/\/levillagebalinais.com\/?p=5905"},"modified":"2022-01-17T01:00:21","modified_gmt":"2022-01-17T00:00:21","slug":"thermalies-2022-lequipe-du-village-balinais-quon-adore-a-votre-service-du-20-au-22-janvier","status":"publish","type":"post","link":"https:\/\/levillagebalinais.com\/index.php\/2022\/01\/17\/thermalies-2022-lequipe-du-village-balinais-quon-adore-a-votre-service-du-20-au-22-janvier\/","title":{"rendered":"Thermalies 2022 : L\u2019\u00e9quipe du Village Balinais qu\u2019on adore \u00e0 votre service  du 20 au 22 Janvier!"},"content":{"rendered":"<p>Retrouver pour la 5eme ann\u00e9e cons\u00e9cutive <strong>le Village Balinais aux <a href=\"https:\/\/levillagebalinais.com\/index.php\/ruth-indiati\/congres\/\">Thermalies<\/a> 2022 au Caroussel du Louvre, Paris du 20 au 23 Janvier 2022! <\/strong><em><\/p>\n<p>Au programme <strong>nos s\u00e9ances de 20, 30, 60 mn au tarif congr\u00e8s<\/strong> et pour la premi\u00e8re fois, le temps du congr\u00e8s, une offre exclusive du<a href=\"https:\/\/levillagebalinais.com\/index.php\/studio-massage\/presentation\/\"> Village Balinais <\/a>: b\u00e9n\u00e9ficier de 10% de r\u00e9duction sur une s\u00e9rie limit\u00e9e de <a href=\"https:\/\/levillagebalinais.com\/index.php\/2021\/12\/19\/nos-seances-de-massages-dhiver-en-duo-a-paris-de-janvier-a-mars-22\/\">s\u00e9ances de massage en duo<\/a>, des s\u00e9ances rares et tr\u00e8s vites compl\u00e8tes, anim\u00e9es par <a href=\"https:\/\/levillagebalinais.com\/index.php\/ruth-indiati\/biographie\/\">Ruth Indiathi<\/a><div id=\"attachment_5907\" style=\"width: 222px\" class=\"wp-caption aligncenter\"><img loading=\"lazy\" decoding=\"async\" aria-describedby=\"caption-attachment-5907\" src=\"https:\/\/levillagebalinais.com\/wp-content\/uploads\/2022\/01\/WEB-AFFICHE-TH22-PARIS-A4_page-0001-212x300.jpg\" alt=\"L&#039;\u00e9quipe du Village Balinais aux Thermalies 2022\" width=\"212\" height=\"300\" class=\"size-medium wp-image-5907\" \/><p id=\"caption-attachment-5907\" class=\"wp-caption-text\">A d\u00e9couvrir nos s\u00e9ances de massages balinais Pijat Bali en duo et en famille<\/p><\/div> et <a href=\"https:\/\/levillagebalinais.com\/index.php\/studio-massage\/presentation\/\">H\u00e9l\u00e8ne<\/a>, notre duo de pattes de chat  au <a href=\"https:\/\/levillagebalinais.com\/index.php\/studio-massage\/presentation\/\">Studio du Village Balinais<\/a> situ\u00e9 au c\u0153ur de Paris ( limit\u00e9s aux 12 premiers inscrits pour des s\u00e9ances entre Janvier et Mars 2022)<br \/>\nA d\u00e9couvrir ce Jeudi et jusqu&rsquo;au bout du Week-end prochain nos s\u00e9ances de massages balinais seul, en duo, en famille anim\u00e9e par notre \u00e9quipe de professionnels que l&rsquo;on adore et qui se sont toutes et tous form\u00e9s au Village Balinais! H\u00e2te de les retrouver pour vous servir!<\/p>\n<li><a href=\"https:\/\/levillagebalinais.com\/index.php\/ecole-massage\/amma-assis\/\">Amma Assis Balinais<\/a><\/li>\n<li><a href=\"https:\/\/levillagebalinais.com\/index.php\/studio-massage\/massages\/\">Massage cranien Pijat Kepala <\/a><\/li>\n<li><a href=\"https:\/\/levillagebalinais.com\/index.php\/studio-massage\/massages\/\">Massage balinais Pijat Bali<\/a><\/li>\n<li><a href=\"https:\/\/levillagebalinais.com\/index.php\/studio-massage\/massages\/\">R\u00e9flexologie palmaire Balinaise<\/a><\/li>\n","protected":false},"excerpt":{"rendered":"<p>Retrouver pour la 5eme ann\u00e9e cons\u00e9cutive le Village Balinais aux Thermalies 2022 au Caroussel du Louvre, Paris du 20 au 23 Janvier 2022! Au programme nos s\u00e9ances de 20, 30, 60 mn au tarif congr\u00e8s et pour la premi\u00e8re fois, [&hellip;]<\/p>\n","protected":false},"author":1,"featured_media":5907,"comment_status":"open","ping_status":"open","sticky":false,"template":"","format":"standard","meta":{"_monsterinsights_skip_tracking":false,"_monsterinsights_sitenote_active":false,"_monsterinsights_sitenote_note":"","_monsterinsights_sitenote_category":0,"footnotes":""},"categories":[1],"tags":[],"class_list":["post-5905","post","type-post","status-publish","format-standard","has-post-thumbnail","hentry","category-non-classe"],"_links":{"self":[{"href":"https:\/\/levillagebalinais.com\/index.php\/wp-json\/wp\/v2\/posts\/5905","targetHints":{"allow":["GET"]}}],"collection":[{"href":"https:\/\/levillagebalinais.com\/index.php\/wp-json\/wp\/v2\/posts"}],"about":[{"href":"https:\/\/levillagebalinais.com\/index.php\/wp-json\/wp\/v2\/types\/post"}],"author":[{"embeddable":true,"href":"https:\/\/levillagebalinais.com\/index.php\/wp-json\/wp\/v2\/users\/1"}],"replies":[{"embeddable":true,"href":"https:\/\/levillagebalinais.com\/index.php\/wp-json\/wp\/v2\/comments?post=5905"}],"version-history":[{"count":2,"href":"https:\/\/levillagebalinais.com\/index.php\/wp-json\/wp\/v2\/posts\/5905\/revisions"}],"predecessor-version":[{"id":5911,"href":"https:\/\/levillagebalinais.com\/index.php\/wp-json\/wp\/v2\/posts\/5905\/revisions\/5911"}],"wp:featuredmedia":[{"embeddable":true,"href":"https:\/\/levillagebalinais.com\/index.php\/wp-json\/wp\/v2\/media\/5907"}],"wp:attachment":[{"href":"https:\/\/levillagebalinais.com\/index.php\/wp-json\/wp\/v2\/media?parent=5905"}],"wp:term":[{"taxonomy":"category","embeddable":true,"href":"https:\/\/levillagebalinais.com\/index.php\/wp-json\/wp\/v2\/categories?post=5905"},{"taxonomy":"post_tag","embeddable":true,"href":"https:\/\/levillagebalinais.com\/index.php\/wp-json\/wp\/v2\/tags?post=5905"}],"curies":[{"name":"wp","href":"https:\/\/api.w.org\/{rel}","templated":true}]}}